{"id":720,"date":"2020-02-26T17:21:10","date_gmt":"2020-02-26T17:21:10","guid":{"rendered":"http:\/\/institutounao.com.mx\/?p=720"},"modified":"2020-02-26T17:26:32","modified_gmt":"2020-02-26T17:26:32","slug":"inicia-ciclo-escolar-maestria-en-pedagogia-en-el-instituto-universitario-de-antequera","status":"publish","type":"post","link":"https:\/\/institutounao.com.mx\/index.php\/2020\/02\/26\/inicia-ciclo-escolar-maestria-en-pedagogia-en-el-instituto-universitario-de-antequera\/","title":{"rendered":"Inicia ciclo escolar \u201cMaestr\u00eda en Pedagog\u00eda\u201d en el Instituto Universitario Antequera de Oaxaca."},"content":{"rendered":"\n<blockquote class=\"wp-block-quote is-layout-flow wp-block-quote-is-layout-flow\"><p>&#8220;&#8230; pensamos a la educaci\u00f3n como un acto de amor, capaz de tocar mentes y corazones de los seres humanos&#8230;&#8221;<\/p><\/blockquote>\n\n\n\n<p>Oficialmente se reanudan las\nactividades acad\u00e9micas de la Maestr\u00eda en Pedagog\u00eda, y se integra a la familia\nUNAO la Tercera Generaci\u00f3n. La Maestra Patricia Reyes, dio la bienvenida a\ntrav\u00e9s de las siguientes palabras:<\/p>\n\n\n\n<p>Sean\nbienvenidos y bienvenidas a la maestr\u00eda en Pedagog\u00eda del<strong> Instituto Universitario Antequera de Oaxaca (UNAO), <\/strong>ya son &nbsp;parte de esta familia y casa de estudios,\nahora cursando estudios de posgrado al iniciar este proceso de formaci\u00f3n\nacad\u00e9mica que trasciende a nuestra humanizaci\u00f3n constante.<\/p>\n\n\n\n<p>En\nUNAO pensamos a la educaci\u00f3n como un acto de amor, capaz de tocar mentes y\ncorazones de los seres humanos, que aunque inmersa en la realidad compleja y pol\u00e9mica,\nnos permite plantearnos la utop\u00eda de un mundo bello, justo, un mundo donde\nprevalezca la paz y el desarrollo de cada ser humano, un mundo donde aunque diluidos\nen un contexto cambiante y problem\u00e1tico, nos permite preparar a nuestros nuevos\nintegrantes para afrontar los retos del cambio de \u00e9poca.<\/p>\n\n\n\n<p>Cuando\nlogramos comprender a la educaci\u00f3n como la posibilidad de humanizar, caemos en\ncuenta de la esperanza suscitada, del poder y esfuerzo requerido en esta lucha\ndiaria dentro y fuera del aula, para afrontar la complejidad del fen\u00f3meno\neducativo es menester cuestionar y definir tu propia pr\u00e1ctica educativa,\ndetonar un proceso de b\u00fasqueda que contribuya a la transformaci\u00f3n de esta\npr\u00e1ctica que resuene en la construcci\u00f3n de humanidad de nuestra humanidad.<\/p>\n\n\n\n<p>Esperamos que esta experiencia educativa sea un punto de encuentro de esperanza y experiencias que alimente nuestra conciencia, fortalezca nuestra vocaci\u00f3n y servicio para con la humanidad. <br><br><br><strong>Con Esperanza.<br><br>Mtra. Patricia Reyes S\u00e1nchez<br>Directora General.<\/strong><\/p>\n\n\n\n<figure class=\"wp-block-image\"><img fetchpriority=\"high\" decoding=\"async\" width=\"1024\" height=\"768\" src=\"http:\/\/institutounao.com.mx\/wp-content\/uploads\/2020\/02\/WhatsApp-Image-2020-02-23-at-9.24.31-AM1-1024x768.jpeg\" alt=\"\" class=\"wp-image-722\" srcset=\"https:\/\/institutounao.com.mx\/wp-content\/uploads\/2020\/02\/WhatsApp-Image-2020-02-23-at-9.24.31-AM1-1024x768.jpeg 1024w, https:\/\/institutounao.com.mx\/wp-content\/uploads\/2020\/02\/WhatsApp-Image-2020-02-23-at-9.24.31-AM1-600x450.jpeg 600w, https:\/\/institutounao.com.mx\/wp-content\/uploads\/2020\/02\/WhatsApp-Image-2020-02-23-at-9.24.31-AM1-300x225.jpeg 300w, https:\/\/institutounao.com.mx\/wp-content\/uploads\/2020\/02\/WhatsApp-Image-2020-02-23-at-9.24.31-AM1-768x576.jpeg 768w, https:\/\/institutounao.com.mx\/wp-content\/uploads\/2020\/02\/WhatsApp-Image-2020-02-23-at-9.24.31-AM1.jpeg 1164w\" sizes=\"(max-width: 1024px) 100vw, 1024px\" \/><\/figure>\n\n\n\n<figure class=\"wp-block-image\"><img decoding=\"async\" width=\"1024\" height=\"768\" src=\"http:\/\/institutounao.com.mx\/wp-content\/uploads\/2020\/02\/WhatsApp-Image-2020-02-23-at-9.24.31-AM3-1-1024x768.jpeg\" alt=\"\" class=\"wp-image-723\" srcset=\"https:\/\/institutounao.com.mx\/wp-content\/uploads\/2020\/02\/WhatsApp-Image-2020-02-23-at-9.24.31-AM3-1-1024x768.jpeg 1024w, https:\/\/institutounao.com.mx\/wp-content\/uploads\/2020\/02\/WhatsApp-Image-2020-02-23-at-9.24.31-AM3-1-600x450.jpeg 600w, https:\/\/institutounao.com.mx\/wp-content\/uploads\/2020\/02\/WhatsApp-Image-2020-02-23-at-9.24.31-AM3-1-300x225.jpeg 300w, https:\/\/institutounao.com.mx\/wp-content\/uploads\/2020\/02\/WhatsApp-Image-2020-02-23-at-9.24.31-AM3-1-768x576.jpeg 768w, https:\/\/institutounao.com.mx\/wp-content\/uploads\/2020\/02\/WhatsApp-Image-2020-02-23-at-9.24.31-AM3-1.jpeg 1164w\" sizes=\"(max-width: 1024px) 100vw, 1024px\" \/><\/figure>\n\n\n\n<figure class=\"wp-block-image\"><img decoding=\"async\" width=\"1024\" height=\"768\" src=\"http:\/\/institutounao.com.mx\/wp-content\/uploads\/2020\/02\/WhatsApp-Image-2020-02-23-at-9.24.32-AM5-1024x768.jpeg\" alt=\"\" class=\"wp-image-724\" srcset=\"https:\/\/institutounao.com.mx\/wp-content\/uploads\/2020\/02\/WhatsApp-Image-2020-02-23-at-9.24.32-AM5-1024x768.jpeg 1024w, https:\/\/institutounao.com.mx\/wp-content\/uploads\/2020\/02\/WhatsApp-Image-2020-02-23-at-9.24.32-AM5-600x450.jpeg 600w, https:\/\/institutounao.com.mx\/wp-content\/uploads\/2020\/02\/WhatsApp-Image-2020-02-23-at-9.24.32-AM5-300x225.jpeg 300w, https:\/\/institutounao.com.mx\/wp-content\/uploads\/2020\/02\/WhatsApp-Image-2020-02-23-at-9.24.32-AM5-768x576.jpeg 768w, https:\/\/institutounao.com.mx\/wp-content\/uploads\/2020\/02\/WhatsApp-Image-2020-02-23-at-9.24.32-AM5.jpeg 1164w\" sizes=\"(max-width: 1024px) 100vw, 1024px\" \/><\/figure>\n","protected":false},"excerpt":{"rendered":"<p>&#8220;&#8230; pensamos a la educaci\u00f3n como un acto de amor, capaz de tocar mentes y corazones de los seres humanos&#8230;&#8221; Oficialmente se reanudan las actividades acad\u00e9micas de la Maestr\u00eda en Pedagog\u00eda, y se integra a la familia UNAO la Tercera Generaci\u00f3n. La Maestra Patricia Reyes, dio la bienvenida a trav\u00e9s <a class=\"read-more\" href=\"https:\/\/institutounao.com.mx\/index.php\/2020\/02\/26\/inicia-ciclo-escolar-maestria-en-pedagogia-en-el-instituto-universitario-de-antequera\/\">Read More&#8230;<\/a><\/p>\n","protected":false},"author":1,"featured_media":723,"comment_status":"open","ping_status":"open","sticky":true,"template":"","format":"standard","meta":{"_jetpack_memberships_contains_paid_content":false,"_joinchat":[],"footnotes":""},"categories":[1],"tags":[],"class_list":["post-720","post","type-post","status-publish","format-standard","has-post-thumbnail","hentry","category-uncategorized"],"jetpack_featured_media_url":"https:\/\/institutounao.com.mx\/wp-content\/uploads\/2020\/02\/WhatsApp-Image-2020-02-23-at-9.24.31-AM3-1.jpeg","jetpack_sharing_enabled":true,"_links":{"self":[{"href":"https:\/\/institutounao.com.mx\/index.php\/wp-json\/wp\/v2\/posts\/720","targetHints":{"allow":["GET"]}}],"collection":[{"href":"https:\/\/institutounao.com.mx\/index.php\/wp-json\/wp\/v2\/posts"}],"about":[{"href":"https:\/\/institutounao.com.mx\/index.php\/wp-json\/wp\/v2\/types\/post"}],"author":[{"embeddable":true,"href":"https:\/\/institutounao.com.mx\/index.php\/wp-json\/wp\/v2\/users\/1"}],"replies":[{"embeddable":true,"href":"https:\/\/institutounao.com.mx\/index.php\/wp-json\/wp\/v2\/comments?post=720"}],"version-history":[{"count":2,"href":"https:\/\/institutounao.com.mx\/index.php\/wp-json\/wp\/v2\/posts\/720\/revisions"}],"predecessor-version":[{"id":726,"href":"https:\/\/institutounao.com.mx\/index.php\/wp-json\/wp\/v2\/posts\/720\/revisions\/726"}],"wp:featuredmedia":[{"embeddable":true,"href":"https:\/\/institutounao.com.mx\/index.php\/wp-json\/wp\/v2\/media\/723"}],"wp:attachment":[{"href":"https:\/\/institutounao.com.mx\/index.php\/wp-json\/wp\/v2\/media?parent=720"}],"wp:term":[{"taxonomy":"category","embeddable":true,"href":"https:\/\/institutounao.com.mx\/index.php\/wp-json\/wp\/v2\/categories?post=720"},{"taxonomy":"post_tag","embeddable":true,"href":"https:\/\/institutounao.com.mx\/index.php\/wp-json\/wp\/v2\/tags?post=720"}],"curies":[{"name":"wp","href":"https:\/\/api.w.org\/{rel}","templated":true}]}}