{"id":10348,"date":"2025-06-26T17:37:14","date_gmt":"2025-06-26T17:37:14","guid":{"rendered":"https:\/\/institutounao.com.mx\/?p=10348"},"modified":"2025-06-26T18:43:07","modified_gmt":"2025-06-26T18:43:07","slug":"elementor-10348","status":"publish","type":"post","link":"https:\/\/institutounao.com.mx\/index.php\/2025\/06\/26\/elementor-10348\/","title":{"rendered":"SE25.20 COLOQUIO DE DOCTORADO EN PEDAGOG\u00cdA: DI\u00c1LOGO PARA LA TRANSFORMACI\u00d3N DE OAXACA"},"content":{"rendered":"\t\t<div data-elementor-type=\"wp-post\" data-elementor-id=\"10348\" class=\"elementor elementor-10348\">\n\t\t\t\t\t\t<section class=\"elementor-section elementor-top-section elementor-element elementor-element-6a61833 elementor-section-boxed elementor-section-height-default elementor-section-height-default\" data-id=\"6a61833\" data-element_type=\"section\" data-e-type=\"section\">\n\t\t\t\t\t\t<div class=\"elementor-container elementor-column-gap-default\">\n\t\t\t\t\t<div class=\"elementor-column elementor-col-100 elementor-top-column elementor-element elementor-element-deb3742\" data-id=\"deb3742\" data-element_type=\"column\" data-e-type=\"column\">\n\t\t\t<div class=\"elementor-widget-wrap elementor-element-populated\">\n\t\t\t\t\t\t<div class=\"elementor-element elementor-element-13b83df elementor-widget elementor-widget-heading\" data-id=\"13b83df\" data-element_type=\"widget\" data-e-type=\"widget\" data-widget_type=\"heading.default\">\n\t\t\t\t<div class=\"elementor-widget-container\">\n\t\t\t\t\t<h4 class=\"elementor-heading-title elementor-size-default\">COLOQUIO DE DOCTORADO EN PEDAGOG\u00cdA: DI\u00c1LOGOS PARA LA TRANSFORMACI\u00d3N DE OAXACA <\/h4>\t\t\t\t<\/div>\n\t\t\t\t<\/div>\n\t\t\t\t\t<\/div>\n\t\t<\/div>\n\t\t\t\t\t<\/div>\n\t\t<\/section>\n\t\t\t\t<section class=\"elementor-section elementor-top-section elementor-element elementor-element-716debf elementor-section-boxed elementor-section-height-default elementor-section-height-default\" data-id=\"716debf\" data-element_type=\"section\" data-e-type=\"section\">\n\t\t\t\t\t\t<div class=\"elementor-container elementor-column-gap-default\">\n\t\t\t\t\t<div class=\"elementor-column elementor-col-100 elementor-top-column elementor-element elementor-element-8dcc921\" data-id=\"8dcc921\" data-element_type=\"column\" data-e-type=\"column\">\n\t\t\t<div class=\"elementor-widget-wrap elementor-element-populated\">\n\t\t\t\t\t\t<div class=\"elementor-element elementor-element-7bf44bb elementor-widget elementor-widget-text-editor\" data-id=\"7bf44bb\" data-element_type=\"widget\" data-e-type=\"widget\" data-widget_type=\"text-editor.default\">\n\t\t\t\t<div class=\"elementor-widget-container\">\n\t\t\t\t\t\t\t\t\t<p><strong>Datos del Instituto:<\/strong><\/p><p>Instituci\u00f3n: Instituto Universitario Antequera de Oaxaca.<br \/>Clave de Plantel: 20MSY0104Y.<br \/>Periodo: 28 y 29 de junio de 2025.<br \/>Modalidad: Presencial.<\/p>\t\t\t\t\t\t\t\t<\/div>\n\t\t\t\t<\/div>\n\t\t\t\t\t<\/div>\n\t\t<\/div>\n\t\t\t\t\t<\/div>\n\t\t<\/section>\n\t\t\t\t<section class=\"elementor-section elementor-top-section elementor-element elementor-element-00d36c2 elementor-section-boxed elementor-section-height-default elementor-section-height-default\" data-id=\"00d36c2\" data-element_type=\"section\" data-e-type=\"section\">\n\t\t\t\t\t\t<div class=\"elementor-container elementor-column-gap-default\">\n\t\t\t\t\t<div class=\"elementor-column elementor-col-100 elementor-top-column elementor-element elementor-element-a8b46be\" data-id=\"a8b46be\" data-element_type=\"column\" data-e-type=\"column\">\n\t\t\t<div class=\"elementor-widget-wrap elementor-element-populated\">\n\t\t\t\t\t\t<div class=\"elementor-element elementor-element-dcf23c6 elementor-widget-divider--view-line elementor-widget elementor-widget-divider\" data-id=\"dcf23c6\" data-element_type=\"widget\" data-e-type=\"widget\" data-widget_type=\"divider.default\">\n\t\t\t\t<div class=\"elementor-widget-container\">\n\t\t\t\t\t\t\t<div class=\"elementor-divider\">\n\t\t\t<span class=\"elementor-divider-separator\">\n\t\t\t\t\t\t<\/span>\n\t\t<\/div>\n\t\t\t\t\t\t<\/div>\n\t\t\t\t<\/div>\n\t\t\t\t\t<\/div>\n\t\t<\/div>\n\t\t\t\t\t<\/div>\n\t\t<\/section>\n\t\t\t\t<section class=\"elementor-section elementor-top-section elementor-element elementor-element-70324db elementor-section-boxed elementor-section-height-default elementor-section-height-default\" data-id=\"70324db\" data-element_type=\"section\" data-e-type=\"section\">\n\t\t\t\t\t\t<div class=\"elementor-container elementor-column-gap-default\">\n\t\t\t\t\t<div class=\"elementor-column elementor-col-100 elementor-top-column elementor-element elementor-element-358132c\" data-id=\"358132c\" data-element_type=\"column\" data-e-type=\"column\">\n\t\t\t<div class=\"elementor-widget-wrap elementor-element-populated\">\n\t\t\t\t\t\t<div class=\"elementor-element elementor-element-1e6907d elementor-widget elementor-widget-text-editor\" data-id=\"1e6907d\" data-element_type=\"widget\" data-e-type=\"widget\" data-widget_type=\"text-editor.default\">\n\t\t\t\t<div class=\"elementor-widget-container\">\n\t\t\t\t\t\t\t\t\t<p><b>Datos de la actividad:<\/b><\/p><ul><li aria-level=\"1\">Doctorado en Pedagog\u00eda.<\/li><li aria-level=\"1\">Ciclo de Conferencias: Pedagog\u00eda de la Criticidad.<\/li><li aria-level=\"1\">Fecha y horario: 28 de junio de 2025; 11:00 horas.<\/li><li aria-level=\"1\">Lugar: Instalaciones del Instituto UNAO.<\/li><\/ul><p><strong>Ponentes.<\/strong><\/p><p>Dr. JOSE G. SANCHEZ AVI\u00d1A.<br \/>Dr. ALBERTO AGUILAR ALVAREZ.<\/p><p><strong>Asistentes:<\/strong><\/p>\t\t\t\t\t\t\t\t<\/div>\n\t\t\t\t<\/div>\n\t\t\t\t\t<\/div>\n\t\t<\/div>\n\t\t\t\t\t<\/div>\n\t\t<\/section>\n\t\t\t\t<section class=\"elementor-section elementor-top-section elementor-element elementor-element-748c9c7 elementor-section-boxed elementor-section-height-default elementor-section-height-default\" data-id=\"748c9c7\" data-element_type=\"section\" data-e-type=\"section\">\n\t\t\t\t\t\t<div class=\"elementor-container elementor-column-gap-default\">\n\t\t\t\t\t<div class=\"elementor-column elementor-col-100 elementor-top-column elementor-element elementor-element-c0fa359\" data-id=\"c0fa359\" data-element_type=\"column\" data-e-type=\"column\">\n\t\t\t<div class=\"elementor-widget-wrap elementor-element-populated\">\n\t\t\t\t\t\t<div class=\"elementor-element elementor-element-a5acfd3 elementor-widget-divider--view-line elementor-widget elementor-widget-divider\" data-id=\"a5acfd3\" data-element_type=\"widget\" data-e-type=\"widget\" data-widget_type=\"divider.default\">\n\t\t\t\t<div class=\"elementor-widget-container\">\n\t\t\t\t\t\t\t<div class=\"elementor-divider\">\n\t\t\t<span class=\"elementor-divider-separator\">\n\t\t\t\t\t\t<\/span>\n\t\t<\/div>\n\t\t\t\t\t\t<\/div>\n\t\t\t\t<\/div>\n\t\t\t\t\t<\/div>\n\t\t<\/div>\n\t\t\t\t\t<\/div>\n\t\t<\/section>\n\t\t\t\t<section class=\"elementor-section elementor-top-section elementor-element elementor-element-beaeef4 elementor-section-boxed elementor-section-height-default elementor-section-height-default\" data-id=\"beaeef4\" data-element_type=\"section\" data-e-type=\"section\">\n\t\t\t\t\t\t<div class=\"elementor-container elementor-column-gap-default\">\n\t\t\t\t\t<div class=\"elementor-column elementor-col-100 elementor-top-column elementor-element elementor-element-47c68e7\" data-id=\"47c68e7\" data-element_type=\"column\" data-e-type=\"column\">\n\t\t\t<div class=\"elementor-widget-wrap elementor-element-populated\">\n\t\t\t\t\t\t<div class=\"elementor-element elementor-element-73bf4c3 elementor-widget elementor-widget-text-editor\" data-id=\"73bf4c3\" data-element_type=\"widget\" data-e-type=\"widget\" data-widget_type=\"text-editor.default\">\n\t\t\t\t<div class=\"elementor-widget-container\">\n\t\t\t\t\t\t\t\t\t<p><b>Datos de la actividad:<\/b><\/p><ul><li aria-level=\"1\">Doctorado en Pedagog\u00eda.<\/li><li aria-level=\"1\">Coloquio de Doctorado \u201cDi\u00e1logo para la transformaci\u00f3n de Oaxaca\u201d.<\/li><li aria-level=\"1\">Fecha y horario: 29 de junio de 2025; 10:00 horas.<\/li><li aria-level=\"1\">Lugar: Instalaciones del Instituto UNAO.<\/li><\/ul><p><strong>Miembros del Jurado.<br \/><\/strong>Dra. EDITH ELIZABETH AGUILAR MORALES.<br \/>Dr. ALBERTO AGUILAR ALVAREZ.<br \/>Dr. JOSE GUADALUPE SANCHEZ AVI\u00d1A.<strong><br \/><\/strong><\/p><p><strong>Estudiantes de Doctorado.<br \/><\/strong>KAREN DANIELA CRUZ QUERO.<br \/>MIRIAM HERNANDEZ RAMIREZ.<br \/>ANEL ROSADO ANTONIO.<br \/>JOSEFINA ROSARIO LOPEZ AGUILAR.<strong><br \/><\/strong><\/p>\t\t\t\t\t\t\t\t<\/div>\n\t\t\t\t<\/div>\n\t\t\t\t\t<\/div>\n\t\t<\/div>\n\t\t\t\t\t<\/div>\n\t\t<\/section>\n\t\t\t\t<\/div>\n\t\t","protected":false},"excerpt":{"rendered":"<p>COLOQUIO DE DOCTORADO EN PEDAGOG\u00cdA: DI\u00c1LOGOS PARA LA TRANSFORMACI\u00d3N DE OAXACA Datos del Instituto: Instituci\u00f3n: Instituto Universitario Antequera de Oaxaca.Clave de Plantel: 20MSY0104Y.Periodo: 28 y 29 de junio de 2025.Modalidad: Presencial. Datos de la actividad: Doctorado en Pedagog\u00eda. Ciclo de Conferencias: Pedagog\u00eda de la Criticidad. Fecha y horario: 28 de <a class=\"read-more\" href=\"https:\/\/institutounao.com.mx\/index.php\/2025\/06\/26\/elementor-10348\/\">Read More&#8230;<\/a><\/p>\n","protected":false},"author":1,"featured_media":0,"comment_status":"open","ping_status":"open","sticky":false,"template":"","format":"standard","meta":{"_jetpack_memberships_contains_paid_content":false,"_joinchat":[],"footnotes":""},"categories":[1],"tags":[],"class_list":["post-10348","post","type-post","status-publish","format-standard","hentry","category-uncategorized"],"jetpack_featured_media_url":"","jetpack_sharing_enabled":true,"_links":{"self":[{"href":"https:\/\/institutounao.com.mx\/index.php\/wp-json\/wp\/v2\/posts\/10348","targetHints":{"allow":["GET"]}}],"collection":[{"href":"https:\/\/institutounao.com.mx\/index.php\/wp-json\/wp\/v2\/posts"}],"about":[{"href":"https:\/\/institutounao.com.mx\/index.php\/wp-json\/wp\/v2\/types\/post"}],"author":[{"embeddable":true,"href":"https:\/\/institutounao.com.mx\/index.php\/wp-json\/wp\/v2\/users\/1"}],"replies":[{"embeddable":true,"href":"https:\/\/institutounao.com.mx\/index.php\/wp-json\/wp\/v2\/comments?post=10348"}],"version-history":[{"count":16,"href":"https:\/\/institutounao.com.mx\/index.php\/wp-json\/wp\/v2\/posts\/10348\/revisions"}],"predecessor-version":[{"id":10389,"href":"https:\/\/institutounao.com.mx\/index.php\/wp-json\/wp\/v2\/posts\/10348\/revisions\/10389"}],"wp:attachment":[{"href":"https:\/\/institutounao.com.mx\/index.php\/wp-json\/wp\/v2\/media?parent=10348"}],"wp:term":[{"taxonomy":"category","embeddable":true,"href":"https:\/\/institutounao.com.mx\/index.php\/wp-json\/wp\/v2\/categories?post=10348"},{"taxonomy":"post_tag","embeddable":true,"href":"https:\/\/institutounao.com.mx\/index.php\/wp-json\/wp\/v2\/tags?post=10348"}],"curies":[{"name":"wp","href":"https:\/\/api.w.org\/{rel}","templated":true}]}}